{"id":49485,"date":"2018-12-09T16:47:54","date_gmt":"2018-12-09T16:47:54","guid":{"rendered":"https:\/\/sonnevonmallorca.com\/que-es-plusvalia\/"},"modified":"2023-11-16T17:35:32","modified_gmt":"2023-11-16T17:35:32","slug":"que-es-plusvalia","status":"publish","type":"post","link":"https:\/\/sonnevonmallorca.com\/es\/que-es-plusvalia\/","title":{"rendered":"\u00bfQu\u00e9 es \u00abPlusval\u00eda\u00bb?"},"content":{"rendered":"\n<p>El impuesto de plusval\u00eda es un impuesto municipal que se devenga cuando una propiedad cambia de manos. Se calcula a partir del valor catastral del terreno y grava el incremento del valor desde la \u00faltima modificaci\u00f3n del catastro. Por esta raz\u00f3n, el impuesto en Mallorca es bastante bajo. La cuant\u00eda del impuesto de plusval\u00eda la determina el municipio respectivo. Por regla general, puede informarse sobre los tipos impositivos vigentes en los municipios correspondientes a trav\u00e9s de sus sitios web.<\/p>\n\n<p>En caso de venta de un inmueble, el vendedor debe pagar el impuesto de plusval\u00eda.<\/p>\n","protected":false},"excerpt":{"rendered":"<p>El impuesto de plusval\u00eda es un impuesto municipal que se devenga cuando una propiedad cambia de manos. Se calcula a partir del valor catastral del terreno y grava el incremento del valor desde la \u00faltima modificaci\u00f3n del catastro. Por esta raz\u00f3n, el impuesto en Mallorca es bastante bajo. La cuant\u00eda del impuesto de plusval\u00eda la [&hellip;]<\/p>\n","protected":false},"author":1,"featured_media":67949,"comment_status":"closed","ping_status":"closed","sticky":false,"template":"","format":"standard","meta":{"_seopress_robots_primary_cat":"none","_seopress_titles_title":"","_seopress_titles_desc":"","_seopress_robots_index":"","footnotes":""},"categories":[2],"tags":[],"class_list":["post-49485","post","type-post","status-publish","format-standard","has-post-thumbnail","hentry","category-sin-categorizar"],"_links":{"self":[{"href":"https:\/\/sonnevonmallorca.com\/es\/wp-json\/wp\/v2\/posts\/49485","targetHints":{"allow":["GET"]}}],"collection":[{"href":"https:\/\/sonnevonmallorca.com\/es\/wp-json\/wp\/v2\/posts"}],"about":[{"href":"https:\/\/sonnevonmallorca.com\/es\/wp-json\/wp\/v2\/types\/post"}],"author":[{"embeddable":true,"href":"https:\/\/sonnevonmallorca.com\/es\/wp-json\/wp\/v2\/users\/1"}],"replies":[{"embeddable":true,"href":"https:\/\/sonnevonmallorca.com\/es\/wp-json\/wp\/v2\/comments?post=49485"}],"version-history":[{"count":0,"href":"https:\/\/sonnevonmallorca.com\/es\/wp-json\/wp\/v2\/posts\/49485\/revisions"}],"wp:featuredmedia":[{"embeddable":true,"href":"https:\/\/sonnevonmallorca.com\/es\/wp-json\/wp\/v2\/media\/67949"}],"wp:attachment":[{"href":"https:\/\/sonnevonmallorca.com\/es\/wp-json\/wp\/v2\/media?parent=49485"}],"wp:term":[{"taxonomy":"category","embeddable":true,"href":"https:\/\/sonnevonmallorca.com\/es\/wp-json\/wp\/v2\/categories?post=49485"},{"taxonomy":"post_tag","embeddable":true,"href":"https:\/\/sonnevonmallorca.com\/es\/wp-json\/wp\/v2\/tags?post=49485"}],"curies":[{"name":"wp","href":"https:\/\/api.w.org\/{rel}","templated":true}]}}